
			
				

					
				

			
		{"items":"\n\t\t\t\t\t\t\t\t\t\t\t\n<article id=\"post-10930\" class=\"wd-post blog-design-masonry blog-post-loop blog-style-flat wd-col post-10930 post type-post status-publish format-standard has-post-thumbnail hentry category-bakim-rehberi\">\n\t<div class=\"wd-post-inner article-inner\">\n\t\t\t\t\t<div class=\"wd-post-thumb entry-header\">\n\t\t\t\t\t\t\t\t\t<div class=\"wd-post-img post-img-wrapp\">\n\t\t\t\t\t\t<img width=\"1888\" height=\"701\" src=\"https:\/\/sernitas-care.com\/wp-content\/uploads\/2025\/12\/Vorsorgevollmacht.webp\" class=\"attachment-full size-full\" alt=\"\" decoding=\"async\" fetchpriority=\"high\" srcset=\"https:\/\/sernitas-care.com\/wp-content\/uploads\/2025\/12\/Vorsorgevollmacht.webp 1888w, https:\/\/sernitas-care.com\/wp-content\/uploads\/2025\/12\/Vorsorgevollmacht-300x111.webp 300w, https:\/\/sernitas-care.com\/wp-content\/uploads\/2025\/12\/Vorsorgevollmacht-1024x380.webp 1024w, https:\/\/sernitas-care.com\/wp-content\/uploads\/2025\/12\/Vorsorgevollmacht-768x285.webp 768w, https:\/\/sernitas-care.com\/wp-content\/uploads\/2025\/12\/Vorsorgevollmacht-1536x570.webp 1536w\" sizes=\"(max-width: 1888px) 100vw, 1888px\" \/>\t\t\t\t\t<\/div>\n\t\t\t\t\t\t\t\t\t\t<a class=\"wd-fill\" tabindex=\"-1\" href=\"https:\/\/sernitas-care.com\/tr\/onleyici-vekaletname.html\" aria-label=\"Link on post \u00d6nleyici vekaletname\"><\/a>\n\t\t\t\t\n\t\t\t\t\t\t\t<\/div>\n\t\t\n\t\t<div class=\"wd-post-content article-body-container\">\n\t\t\t\n\t\t\t\t\t\t\t<h3 class=\"wd-post-title wd-entities-title title post-title\">\n\t\t\t\t\t<a href=\"https:\/\/sernitas-care.com\/tr\/onleyici-vekaletname.html\" rel=\"bookmark\">\u00d6nleyici vekaletname<\/a>\n\t\t\t\t<\/h3>\n\t\t\t\n\t\t\t\n\t\t\t\t\t\t\t\n\t\t\t\t\t\t\t\t\t<\/div>\n\t<\/div>\n<\/article>\n\n\t\t\t\t\t\t\t\t\t\t\t\n<article id=\"post-10522\" class=\"wd-post blog-design-masonry blog-post-loop blog-style-flat wd-col post-10522 post type-post status-publish format-standard has-post-thumbnail hentry category-hizmetlerimiz tag-danismanlik-gorusmeleri-37-3-sgb-xi tag-evde-bakim tag-evde-bakim-hizmeti tag-yasli-bakimi\">\n\t<div class=\"wd-post-inner article-inner\">\n\t\t\t\t\t<div class=\"wd-post-thumb entry-header\">\n\t\t\t\t\t\t\t\t\t<div class=\"wd-post-img post-img-wrapp\">\n\t\t\t\t\t\t<img width=\"2048\" height=\"2048\" src=\"https:\/\/sernitas-care.com\/wp-content\/uploads\/2026\/04\/Pflegeberatung.webp\" class=\"attachment-full size-full\" alt=\"Beratungsgespr\u00e4che 37.3 SGB XI\" decoding=\"async\" srcset=\"https:\/\/sernitas-care.com\/wp-content\/uploads\/2026\/04\/Pflegeberatung.webp 2048w, https:\/\/sernitas-care.com\/wp-content\/uploads\/2026\/04\/Pflegeberatung-300x300.webp 300w, https:\/\/sernitas-care.com\/wp-content\/uploads\/2026\/04\/Pflegeberatung-1024x1024.webp 1024w, https:\/\/sernitas-care.com\/wp-content\/uploads\/2026\/04\/Pflegeberatung-150x150.webp 150w, https:\/\/sernitas-care.com\/wp-content\/uploads\/2026\/04\/Pflegeberatung-768x768.webp 768w, https:\/\/sernitas-care.com\/wp-content\/uploads\/2026\/04\/Pflegeberatung-1536x1536.webp 1536w\" sizes=\"(max-width: 2048px) 100vw, 2048px\" \/>\t\t\t\t\t<\/div>\n\t\t\t\t\t\t\t\t\t\t<a class=\"wd-fill\" tabindex=\"-1\" href=\"https:\/\/sernitas-care.com\/tr\/danismanlik-gorusmeleri-37-3-sgb-xi.html\" aria-label=\"Link on post Dan\u0131\u015fmanl\u0131k g\u00f6r\u00fc\u015fmeleri 37.3 SGB XI\"><\/a>\n\t\t\t\t\n\t\t\t\t\t\t\t<\/div>\n\t\t\n\t\t<div class=\"wd-post-content article-body-container\">\n\t\t\t\n\t\t\t\t\t\t\t<h3 class=\"wd-post-title wd-entities-title title post-title\">\n\t\t\t\t\t<a href=\"https:\/\/sernitas-care.com\/tr\/danismanlik-gorusmeleri-37-3-sgb-xi.html\" rel=\"bookmark\">Dan\u0131\u015fmanl\u0131k g\u00f6r\u00fc\u015fmeleri 37.3 SGB XI<\/a>\n\t\t\t\t<\/h3>\n\t\t\t\n\t\t\t\n\t\t\t\t\t\t\t\n\t\t\t\t\t\t\t\t\t<\/div>\n\t<\/div>\n<\/article>\n\n\t\t\t\t\t\t\t\t\t\t\t\n<article id=\"post-10520\" class=\"wd-post blog-design-masonry blog-post-loop blog-style-flat wd-col post-10520 post type-post status-publish format-standard has-post-thumbnail hentry category-hizmetlerimiz tag-evde-bakim tag-evde-bakim-hizmeti tag-yasli-bakimi\">\n\t<div class=\"wd-post-inner article-inner\">\n\t\t\t\t\t<div class=\"wd-post-thumb entry-header\">\n\t\t\t\t\t\t\t\t\t<div class=\"wd-post-img post-img-wrapp\">\n\t\t\t\t\t\t<img width=\"2400\" height=\"1792\" src=\"https:\/\/sernitas-care.com\/wp-content\/uploads\/2026\/04\/24h-Rufbereitschaft_UnsereLeistungen.webp\" class=\"attachment-full size-full\" alt=\"24h-Rufbereitschaft\" decoding=\"async\" srcset=\"https:\/\/sernitas-care.com\/wp-content\/uploads\/2026\/04\/24h-Rufbereitschaft_UnsereLeistungen.webp 2400w, https:\/\/sernitas-care.com\/wp-content\/uploads\/2026\/04\/24h-Rufbereitschaft_UnsereLeistungen-300x224.webp 300w, https:\/\/sernitas-care.com\/wp-content\/uploads\/2026\/04\/24h-Rufbereitschaft_UnsereLeistungen-1024x765.webp 1024w, https:\/\/sernitas-care.com\/wp-content\/uploads\/2026\/04\/24h-Rufbereitschaft_UnsereLeistungen-768x573.webp 768w, https:\/\/sernitas-care.com\/wp-content\/uploads\/2026\/04\/24h-Rufbereitschaft_UnsereLeistungen-1536x1147.webp 1536w, https:\/\/sernitas-care.com\/wp-content\/uploads\/2026\/04\/24h-Rufbereitschaft_UnsereLeistungen-2048x1529.webp 2048w\" sizes=\"(max-width: 2400px) 100vw, 2400px\" \/>\t\t\t\t\t<\/div>\n\t\t\t\t\t\t\t\t\t\t<a class=\"wd-fill\" tabindex=\"-1\" href=\"https:\/\/sernitas-care.com\/tr\/24-saat-cagri-hizmeti.html\" aria-label=\"Link on post 24 Saat \u00c7a\u011fr\u0131 Hizmeti\"><\/a>\n\t\t\t\t\n\t\t\t\t\t\t\t<\/div>\n\t\t\n\t\t<div class=\"wd-post-content article-body-container\">\n\t\t\t\n\t\t\t\t\t\t\t<h3 class=\"wd-post-title wd-entities-title title post-title\">\n\t\t\t\t\t<a href=\"https:\/\/sernitas-care.com\/tr\/24-saat-cagri-hizmeti.html\" rel=\"bookmark\">24 Saat \u00c7a\u011fr\u0131 Hizmeti<\/a>\n\t\t\t\t<\/h3>\n\t\t\t\n\t\t\t\n\t\t\t\t\t\t\t\n\t\t\t\t\t\t\t\t\t<\/div>\n\t<\/div>\n<\/article>\n\n\t\t\t\t\t\t\t\t\t\t\t\n<article id=\"post-10518\" class=\"wd-post blog-design-masonry blog-post-loop blog-style-flat wd-col post-10518 post type-post status-publish format-standard has-post-thumbnail hentry category-hizmetlerimiz tag-bakim-ve-yardim-hizmetleri tag-evde-bakim tag-evde-bakim-hizmeti tag-yasli-bakimi\">\n\t<div class=\"wd-post-inner article-inner\">\n\t\t\t\t\t<div class=\"wd-post-thumb entry-header\">\n\t\t\t\t\t\t\t\t\t<div class=\"wd-post-img post-img-wrapp\">\n\t\t\t\t\t\t<img width=\"2400\" height=\"1792\" src=\"https:\/\/sernitas-care.com\/wp-content\/uploads\/2026\/04\/Betreuungs-Entlastungsleistungen_UnsereLeistungen.webp\" class=\"attachment-full size-full\" alt=\"Betreuungs- und Entlastungsleistungen\" decoding=\"async\" loading=\"lazy\" srcset=\"https:\/\/sernitas-care.com\/wp-content\/uploads\/2026\/04\/Betreuungs-Entlastungsleistungen_UnsereLeistungen.webp 2400w, https:\/\/sernitas-care.com\/wp-content\/uploads\/2026\/04\/Betreuungs-Entlastungsleistungen_UnsereLeistungen-300x224.webp 300w, https:\/\/sernitas-care.com\/wp-content\/uploads\/2026\/04\/Betreuungs-Entlastungsleistungen_UnsereLeistungen-1024x765.webp 1024w, https:\/\/sernitas-care.com\/wp-content\/uploads\/2026\/04\/Betreuungs-Entlastungsleistungen_UnsereLeistungen-768x573.webp 768w, https:\/\/sernitas-care.com\/wp-content\/uploads\/2026\/04\/Betreuungs-Entlastungsleistungen_UnsereLeistungen-1536x1147.webp 1536w, https:\/\/sernitas-care.com\/wp-content\/uploads\/2026\/04\/Betreuungs-Entlastungsleistungen_UnsereLeistungen-2048x1529.webp 2048w\" sizes=\"auto, (max-width: 2400px) 100vw, 2400px\" \/>\t\t\t\t\t<\/div>\n\t\t\t\t\t\t\t\t\t\t<a class=\"wd-fill\" tabindex=\"-1\" href=\"https:\/\/sernitas-care.com\/tr\/bakim-ve-yardim-hizmetleri.html\" aria-label=\"Link on post Bak\u0131m ve Yard\u0131m Hizmetleri\"><\/a>\n\t\t\t\t\n\t\t\t\t\t\t\t<\/div>\n\t\t\n\t\t<div class=\"wd-post-content article-body-container\">\n\t\t\t\n\t\t\t\t\t\t\t<h3 class=\"wd-post-title wd-entities-title title post-title\">\n\t\t\t\t\t<a href=\"https:\/\/sernitas-care.com\/tr\/bakim-ve-yardim-hizmetleri.html\" rel=\"bookmark\">Bak\u0131m ve Yard\u0131m Hizmetleri<\/a>\n\t\t\t\t<\/h3>\n\t\t\t\n\t\t\t\n\t\t\t\t\t\t\t\n\t\t\t\t\t\t\t\t\t<\/div>\n\t<\/div>\n<\/article>\n\n\t\t\t\t\t\t\t\t\t\t\t\n<article id=\"post-10516\" class=\"wd-post blog-design-masonry blog-post-loop blog-style-flat wd-col post-10516 post type-post status-publish format-standard has-post-thumbnail hentry category-hizmetlerimiz tag-evde-bakim tag-evde-bakim-hizmeti tag-onleyici-bakim tag-yasli-bakimi\">\n\t<div class=\"wd-post-inner article-inner\">\n\t\t\t\t\t<div class=\"wd-post-thumb entry-header\">\n\t\t\t\t\t\t\t\t\t<div class=\"wd-post-img post-img-wrapp\">\n\t\t\t\t\t\t<img width=\"2400\" height=\"1792\" src=\"https:\/\/sernitas-care.com\/wp-content\/uploads\/2026\/04\/Verhinderungspflege_UnsereLeistungen.webp\" class=\"attachment-full size-full\" alt=\"Verhinderungspflege\" decoding=\"async\" loading=\"lazy\" srcset=\"https:\/\/sernitas-care.com\/wp-content\/uploads\/2026\/04\/Verhinderungspflege_UnsereLeistungen.webp 2400w, https:\/\/sernitas-care.com\/wp-content\/uploads\/2026\/04\/Verhinderungspflege_UnsereLeistungen-300x224.webp 300w, https:\/\/sernitas-care.com\/wp-content\/uploads\/2026\/04\/Verhinderungspflege_UnsereLeistungen-1024x765.webp 1024w, https:\/\/sernitas-care.com\/wp-content\/uploads\/2026\/04\/Verhinderungspflege_UnsereLeistungen-768x573.webp 768w, https:\/\/sernitas-care.com\/wp-content\/uploads\/2026\/04\/Verhinderungspflege_UnsereLeistungen-1536x1147.webp 1536w, https:\/\/sernitas-care.com\/wp-content\/uploads\/2026\/04\/Verhinderungspflege_UnsereLeistungen-2048x1529.webp 2048w\" sizes=\"auto, (max-width: 2400px) 100vw, 2400px\" \/>\t\t\t\t\t<\/div>\n\t\t\t\t\t\t\t\t\t\t<a class=\"wd-fill\" tabindex=\"-1\" href=\"https:\/\/sernitas-care.com\/tr\/onleyici-bakim.html\" aria-label=\"Link on post \u00d6nleyici Bak\u0131m\"><\/a>\n\t\t\t\t\n\t\t\t\t\t\t\t<\/div>\n\t\t\n\t\t<div class=\"wd-post-content article-body-container\">\n\t\t\t\n\t\t\t\t\t\t\t<h3 class=\"wd-post-title wd-entities-title title post-title\">\n\t\t\t\t\t<a href=\"https:\/\/sernitas-care.com\/tr\/onleyici-bakim.html\" rel=\"bookmark\">\u00d6nleyici Bak\u0131m<\/a>\n\t\t\t\t<\/h3>\n\t\t\t\n\t\t\t\n\t\t\t\t\t\t\t\n\t\t\t\t\t\t\t\t\t<\/div>\n\t<\/div>\n<\/article>\n\n\t\t\t\t\t\t\t\t\t\t\t\n<article id=\"post-10514\" class=\"wd-post blog-design-masonry blog-post-loop blog-style-flat wd-col post-10514 post type-post status-publish format-standard has-post-thumbnail hentry category-hizmetlerimiz tag-evde-bakim tag-evde-bakim-hizmeti tag-tedavi-bakimi tag-yasli-bakimi\">\n\t<div class=\"wd-post-inner article-inner\">\n\t\t\t\t\t<div class=\"wd-post-thumb entry-header\">\n\t\t\t\t\t\t\t\t\t<div class=\"wd-post-img post-img-wrapp\">\n\t\t\t\t\t\t<img width=\"2400\" height=\"1792\" src=\"https:\/\/sernitas-care.com\/wp-content\/uploads\/2026\/04\/Behandlungspflege_UnsereLeistungen.webp\" class=\"attachment-full size-full\" alt=\"Behandlungspflege\" decoding=\"async\" loading=\"lazy\" srcset=\"https:\/\/sernitas-care.com\/wp-content\/uploads\/2026\/04\/Behandlungspflege_UnsereLeistungen.webp 2400w, https:\/\/sernitas-care.com\/wp-content\/uploads\/2026\/04\/Behandlungspflege_UnsereLeistungen-300x224.webp 300w, https:\/\/sernitas-care.com\/wp-content\/uploads\/2026\/04\/Behandlungspflege_UnsereLeistungen-1024x765.webp 1024w, https:\/\/sernitas-care.com\/wp-content\/uploads\/2026\/04\/Behandlungspflege_UnsereLeistungen-768x573.webp 768w, https:\/\/sernitas-care.com\/wp-content\/uploads\/2026\/04\/Behandlungspflege_UnsereLeistungen-1536x1147.webp 1536w, https:\/\/sernitas-care.com\/wp-content\/uploads\/2026\/04\/Behandlungspflege_UnsereLeistungen-2048x1529.webp 2048w\" sizes=\"auto, (max-width: 2400px) 100vw, 2400px\" \/>\t\t\t\t\t<\/div>\n\t\t\t\t\t\t\t\t\t\t<a class=\"wd-fill\" tabindex=\"-1\" href=\"https:\/\/sernitas-care.com\/tr\/tedavi-bakimi.html\" aria-label=\"Link on post Tedavi Bak\u0131m\u0131\"><\/a>\n\t\t\t\t\n\t\t\t\t\t\t\t<\/div>\n\t\t\n\t\t<div class=\"wd-post-content article-body-container\">\n\t\t\t\n\t\t\t\t\t\t\t<h3 class=\"wd-post-title wd-entities-title title post-title\">\n\t\t\t\t\t<a href=\"https:\/\/sernitas-care.com\/tr\/tedavi-bakimi.html\" rel=\"bookmark\">Tedavi Bak\u0131m\u0131<\/a>\n\t\t\t\t<\/h3>\n\t\t\t\n\t\t\t\n\t\t\t\t\t\t\t\n\t\t\t\t\t\t\t\t\t<\/div>\n\t<\/div>\n<\/article>\n\n\t\t\t\t\t\t\t\t\t\t\t\n<article id=\"post-10509\" class=\"wd-post blog-design-masonry blog-post-loop blog-style-flat wd-col post-10509 post type-post status-publish format-standard has-post-thumbnail hentry category-hizmetlerimiz tag-evde-bakim tag-evde-bakim-hizmeti tag-temel-bakim tag-yasli-bakimi\">\n\t<div class=\"wd-post-inner article-inner\">\n\t\t\t\t\t<div class=\"wd-post-thumb entry-header\">\n\t\t\t\t\t\t\t\t\t<div class=\"wd-post-img post-img-wrapp\">\n\t\t\t\t\t\t<img width=\"2400\" height=\"1792\" src=\"https:\/\/sernitas-care.com\/wp-content\/uploads\/2026\/04\/Grundpflege_UnsereLeistungen.webp\" class=\"attachment-full size-full\" alt=\"Grundpflege\" decoding=\"async\" loading=\"lazy\" srcset=\"https:\/\/sernitas-care.com\/wp-content\/uploads\/2026\/04\/Grundpflege_UnsereLeistungen.webp 2400w, https:\/\/sernitas-care.com\/wp-content\/uploads\/2026\/04\/Grundpflege_UnsereLeistungen-300x224.webp 300w, https:\/\/sernitas-care.com\/wp-content\/uploads\/2026\/04\/Grundpflege_UnsereLeistungen-1024x765.webp 1024w, https:\/\/sernitas-care.com\/wp-content\/uploads\/2026\/04\/Grundpflege_UnsereLeistungen-768x573.webp 768w, https:\/\/sernitas-care.com\/wp-content\/uploads\/2026\/04\/Grundpflege_UnsereLeistungen-1536x1147.webp 1536w, https:\/\/sernitas-care.com\/wp-content\/uploads\/2026\/04\/Grundpflege_UnsereLeistungen-2048x1529.webp 2048w\" sizes=\"auto, (max-width: 2400px) 100vw, 2400px\" \/>\t\t\t\t\t<\/div>\n\t\t\t\t\t\t\t\t\t\t<a class=\"wd-fill\" tabindex=\"-1\" href=\"https:\/\/sernitas-care.com\/tr\/temel-bakim.html\" aria-label=\"Link on post Temel Bak\u0131m\"><\/a>\n\t\t\t\t\n\t\t\t\t\t\t\t<\/div>\n\t\t\n\t\t<div class=\"wd-post-content article-body-container\">\n\t\t\t\n\t\t\t\t\t\t\t<h3 class=\"wd-post-title wd-entities-title title post-title\">\n\t\t\t\t\t<a href=\"https:\/\/sernitas-care.com\/tr\/temel-bakim.html\" rel=\"bookmark\">Temel Bak\u0131m<\/a>\n\t\t\t\t<\/h3>\n\t\t\t\n\t\t\t\n\t\t\t\t\t\t\t\n\t\t\t\t\t\t\t\t\t<\/div>\n\t<\/div>\n<\/article>\n\n\t\t\t\t\t\t\t\t\t\t\t\n<article id=\"post-1475\" class=\"wd-post blog-design-masonry blog-post-loop blog-style-flat wd-col post-1475 post type-post status-publish format-standard has-post-thumbnail hentry category-blog\">\n\t<div class=\"wd-post-inner article-inner\">\n\t\t\t\t\t<div class=\"wd-post-thumb entry-header\">\n\t\t\t\t\t\t\t\t\t<div class=\"wd-post-img post-img-wrapp\">\n\t\t\t\t\t\t<img width=\"745\" height=\"679\" src=\"https:\/\/sernitas-care.com\/wp-content\/uploads\/2025\/12\/Eine-Brucke-zwischen-Ost-und-West.webp\" class=\"attachment-full size-full\" alt=\"\" decoding=\"async\" loading=\"lazy\" srcset=\"https:\/\/sernitas-care.com\/wp-content\/uploads\/2025\/12\/Eine-Brucke-zwischen-Ost-und-West.webp 745w, https:\/\/sernitas-care.com\/wp-content\/uploads\/2025\/12\/Eine-Brucke-zwischen-Ost-und-West-300x273.webp 300w\" sizes=\"auto, (max-width: 745px) 100vw, 745px\" \/>\t\t\t\t\t<\/div>\n\t\t\t\t\t\t\t\t\t\t<a class=\"wd-fill\" tabindex=\"-1\" href=\"https:\/\/sernitas-care.com\/tr\/dogu-ile-bati-arasinda-bir-kopru-ozbek-bakan-berlinde-alman-ozel-temsilcisi-ve-ekonomi-uzmanlariyla-kalifiye-isci-gocunu-gorustu.html\" aria-label=\"Link on post Do\u011fu ile Bat\u0131 aras\u0131nda bir k\u00f6pr\u00fc: \u00d6zbek bakan, Berlin&#8217;de Alman \u00f6zel temsilcisi ve ekonomi uzmanlar\u0131yla kalifiye i\u015f\u00e7i g\u00f6\u00e7\u00fcn\u00fc g\u00f6r\u00fc\u015ft\u00fc\"><\/a>\n\t\t\t\t\n\t\t\t\t\t\t\t<\/div>\n\t\t\n\t\t<div class=\"wd-post-content article-body-container\">\n\t\t\t\n\t\t\t\t\t\t\t<h3 class=\"wd-post-title wd-entities-title title post-title\">\n\t\t\t\t\t<a href=\"https:\/\/sernitas-care.com\/tr\/dogu-ile-bati-arasinda-bir-kopru-ozbek-bakan-berlinde-alman-ozel-temsilcisi-ve-ekonomi-uzmanlariyla-kalifiye-isci-gocunu-gorustu.html\" rel=\"bookmark\">Do\u011fu ile Bat\u0131 aras\u0131nda bir k\u00f6pr\u00fc: \u00d6zbek bakan, Berlin&#8217;de Alman \u00f6zel temsilcisi ve ekonomi uzmanlar\u0131yla kalifiye i\u015f\u00e7i g\u00f6\u00e7\u00fcn\u00fc g\u00f6r\u00fc\u015ft\u00fc<\/a>\n\t\t\t\t<\/h3>\n\t\t\t\n\t\t\t\n\t\t\t\t\t\t\t\n\t\t\t\t\t\t\t\t\t<\/div>\n\t<\/div>\n<\/article>\n\n\t\t\t\t\t\t\t\t\t\t\t\n<article id=\"post-1469\" class=\"wd-post blog-design-masonry blog-post-loop blog-style-flat wd-col post-1469 post type-post status-publish format-standard has-post-thumbnail hentry category-blog\">\n\t<div class=\"wd-post-inner article-inner\">\n\t\t\t\t\t<div class=\"wd-post-thumb entry-header\">\n\t\t\t\t\t\t\t\t\t<div class=\"wd-post-img post-img-wrapp\">\n\t\t\t\t\t\t<img width=\"1500\" height=\"750\" src=\"https:\/\/sernitas-care.com\/wp-content\/uploads\/2025\/12\/Die-Zukunft-des-deutschen-Gesundheitssystems.webp\" class=\"attachment-full size-full\" alt=\"\" decoding=\"async\" loading=\"lazy\" srcset=\"https:\/\/sernitas-care.com\/wp-content\/uploads\/2025\/12\/Die-Zukunft-des-deutschen-Gesundheitssystems.webp 1500w, https:\/\/sernitas-care.com\/wp-content\/uploads\/2025\/12\/Die-Zukunft-des-deutschen-Gesundheitssystems-300x150.webp 300w, https:\/\/sernitas-care.com\/wp-content\/uploads\/2025\/12\/Die-Zukunft-des-deutschen-Gesundheitssystems-1024x512.webp 1024w, https:\/\/sernitas-care.com\/wp-content\/uploads\/2025\/12\/Die-Zukunft-des-deutschen-Gesundheitssystems-768x384.webp 768w\" sizes=\"auto, (max-width: 1500px) 100vw, 1500px\" \/>\t\t\t\t\t<\/div>\n\t\t\t\t\t\t\t\t\t\t<a class=\"wd-fill\" tabindex=\"-1\" href=\"https:\/\/sernitas-care.com\/tr\/alman-saglik-sisteminin-gelecegi-inovasyon-dijitallesme-ve-hasta-odaklilik.html\" aria-label=\"Link on post Alman sa\u011fl\u0131k sisteminin gelece\u011fi: inovasyon, dijitalle\u015fme ve hasta odakl\u0131l\u0131k\"><\/a>\n\t\t\t\t\n\t\t\t\t\t\t\t<\/div>\n\t\t\n\t\t<div class=\"wd-post-content article-body-container\">\n\t\t\t\n\t\t\t\t\t\t\t<h3 class=\"wd-post-title wd-entities-title title post-title\">\n\t\t\t\t\t<a href=\"https:\/\/sernitas-care.com\/tr\/alman-saglik-sisteminin-gelecegi-inovasyon-dijitallesme-ve-hasta-odaklilik.html\" rel=\"bookmark\">Alman sa\u011fl\u0131k sisteminin gelece\u011fi: inovasyon, dijitalle\u015fme ve hasta odakl\u0131l\u0131k<\/a>\n\t\t\t\t<\/h3>\n\t\t\t\n\t\t\t\n\t\t\t\t\t\t\t\n\t\t\t\t\t\t\t\t\t<\/div>\n\t<\/div>\n<\/article>\n\n\t\t\t\t\t\t\t\t\t\t\t\n<article id=\"post-1463\" class=\"wd-post blog-design-masonry blog-post-loop blog-style-flat wd-col post-1463 post type-post status-publish format-standard has-post-thumbnail hentry category-blog\">\n\t<div class=\"wd-post-inner article-inner\">\n\t\t\t\t\t<div class=\"wd-post-thumb entry-header\">\n\t\t\t\t\t\t\t\t\t<div class=\"wd-post-img post-img-wrapp\">\n\t\t\t\t\t\t<img width=\"1500\" height=\"750\" src=\"https:\/\/sernitas-care.com\/wp-content\/uploads\/2025\/12\/Das-neue-Fachkrafte-Einwanderungsgesetz-2023.webp\" class=\"attachment-full size-full\" alt=\"\" decoding=\"async\" loading=\"lazy\" srcset=\"https:\/\/sernitas-care.com\/wp-content\/uploads\/2025\/12\/Das-neue-Fachkrafte-Einwanderungsgesetz-2023.webp 1500w, https:\/\/sernitas-care.com\/wp-content\/uploads\/2025\/12\/Das-neue-Fachkrafte-Einwanderungsgesetz-2023-300x150.webp 300w, https:\/\/sernitas-care.com\/wp-content\/uploads\/2025\/12\/Das-neue-Fachkrafte-Einwanderungsgesetz-2023-1024x512.webp 1024w, https:\/\/sernitas-care.com\/wp-content\/uploads\/2025\/12\/Das-neue-Fachkrafte-Einwanderungsgesetz-2023-768x384.webp 768w\" sizes=\"auto, (max-width: 1500px) 100vw, 1500px\" \/>\t\t\t\t\t<\/div>\n\t\t\t\t\t\t\t\t\t\t<a class=\"wd-fill\" tabindex=\"-1\" href=\"https:\/\/sernitas-care.com\/tr\/yeni-nitelikli-gocmenlik-yasasi-2023-almanya-icin-firsatlar-ve-etkileri.html\" aria-label=\"Link on post Yeni Nitelikli G\u00f6\u00e7menlik Yasas\u0131 2023: Almanya i\u00e7in f\u0131rsatlar ve etkileri\"><\/a>\n\t\t\t\t\n\t\t\t\t\t\t\t<\/div>\n\t\t\n\t\t<div class=\"wd-post-content article-body-container\">\n\t\t\t\n\t\t\t\t\t\t\t<h3 class=\"wd-post-title wd-entities-title title post-title\">\n\t\t\t\t\t<a href=\"https:\/\/sernitas-care.com\/tr\/yeni-nitelikli-gocmenlik-yasasi-2023-almanya-icin-firsatlar-ve-etkileri.html\" rel=\"bookmark\">Yeni Nitelikli G\u00f6\u00e7menlik Yasas\u0131 2023: Almanya i\u00e7in f\u0131rsatlar ve etkileri<\/a>\n\t\t\t\t<\/h3>\n\t\t\t\n\t\t\t\n\t\t\t\t\t\t\t\n\t\t\t\t\t\t\t\t\t<\/div>\n\t<\/div>\n<\/article>\n\n\t\t\t\t\t\n\t\t\t\t\t","status":"have-posts","nextPage":"https:\/\/sernitas-care.com\/tr\/author\/maykrosoft\/page\/4?woo_ajax=1","currentPage":"https:\/\/sernitas-care.com\/tr\/author\/maykrosoft\/page\/3"}